{"id":5293,"date":"2026-03-09T05:39:00","date_gmt":"2026-03-09T05:39:00","guid":{"rendered":"https:\/\/velkeholky.org\/?p=5293"},"modified":"2026-03-07T18:02:40","modified_gmt":"2026-03-07T18:02:40","slug":"stribrne-vlasy-to-neni-konec-to-je-koruna","status":"publish","type":"post","link":"https:\/\/velkeholky.org\/en\/stribrne-vlasy-to-neni-konec-to-je-koruna\/","title":{"rendered":"Silver hair? That&#039;s not the end. That&#039;s the crown."},"content":{"rendered":"<p><em>It was morning, you stood in front of the mirror and saw the first silver strand. And you know what? It was perhaps one of the most beautiful moments of the last few years \u2013 you just didn&#039;t know it at the time.<\/em><\/p>\n\n\n\n<div class=\"wp-block-uagb-advanced-heading uagb-block-659bd9f1\"><h2 class=\"uagb-heading-text\">It used to be hidden. Today it shines!<\/h2><\/div>\n\n\n\n<p>Just a few years ago, graying was a topic that was whispered about. People rushed to the hairdresser, bought tinted hair colors, and covered up regrown roots before anyone could see them. As if having silver hair was something to be embarrassed about. As if age was an enemy that you fought every six weeks at the sink.<\/p>\n\n\n\n<div class=\"wp-block-uagb-advanced-heading uagb-block-e1ba02ff\"><h3 class=\"uagb-heading-text\">But something has changed.<\/h3><\/div>\n\n\n\n<p>Quietly, unobtrusively \u2013 and then suddenly quite loudly. Women started putting down the paintbrush. They started letting what nature gave them grow. And they discovered that what was underneath the dye all along\u2026 was beautiful. And gray became the new trend!<\/p>\n\n\n\n<figure class=\"wp-block-image size-large is-resized\"><img loading=\"lazy\" decoding=\"async\" width=\"1024\" height=\"731\" src=\"https:\/\/velkeholky.org\/wp-content\/uploads\/2026\/03\/pexels-photo-7450280-7450280-1024x731.jpg\" alt=\"\u0161ediv\u00e9 vlasy, kr\u00e1sa, st\u0159\u00edbro ve vlasech, Elderly woman with long grey hair combing it, set against a purple background.\" class=\"wp-image-5294\" style=\"aspect-ratio:1.4008390442191938;width:355px;height:auto\" srcset=\"https:\/\/velkeholky.org\/wp-content\/uploads\/2026\/03\/pexels-photo-7450280-7450280-1024x731.jpg 1024w, https:\/\/velkeholky.org\/wp-content\/uploads\/2026\/03\/pexels-photo-7450280-7450280-300x214.jpg 300w, https:\/\/velkeholky.org\/wp-content\/uploads\/2026\/03\/pexels-photo-7450280-7450280-768x549.jpg 768w, https:\/\/velkeholky.org\/wp-content\/uploads\/2026\/03\/pexels-photo-7450280-7450280-1536x1097.jpg 1536w, https:\/\/velkeholky.org\/wp-content\/uploads\/2026\/03\/pexels-photo-7450280-7450280-2048x1463.jpg 2048w, https:\/\/velkeholky.org\/wp-content\/uploads\/2026\/03\/pexels-photo-7450280-7450280-18x12.jpg 18w, https:\/\/velkeholky.org\/wp-content\/uploads\/2026\/03\/pexels-photo-7450280-7450280-1140x814.jpg 1140w\" sizes=\"auto, (max-width: 1024px) 100vw, 1024px\" \/><\/figure>\n\n\n\n<hr class=\"wp-block-separator has-alpha-channel-opacity\"\/>\n\n\n\n<div class=\"wp-block-uagb-advanced-heading uagb-block-0a78f22d\"><h2 class=\"uagb-heading-text\">Silver as a choice, not as resignation!<\/h2><\/div>\n\n\n\n<p>Look, embracing gray hair isn&#039;t about giving up. That&#039;s exactly the myth we&#039;ve been taught for years\u2014and it&#039;s finally time to let go. Going gray is a choice. A conscious, courageous, slightly rebellious choice that says: <em><strong><a href=\"https:\/\/velkeholky.org\/en\/vedoma-krasa-a-prijeti-starnuti-jak-to-pojmout\/\" target=\"_blank\" rel=\"noopener\" title=\"\">I&#039;m exactly where I&#039;m supposed to be, and I&#039;m not hiding a single thing about it.<\/a><\/strong><\/em><\/p>\n\n\n\n<p><strong><a href=\"https:\/\/www.csfd.cz\/tvurce\/119-jamie-lee-curtis\/prehled\/\" target=\"_blank\" rel=\"noopener\" title=\"\">Jamie Lee Curtis<\/a>, Andie MacDowell, Helen Mirren <\/strong>\u2013 women who could have had any hair color in the world, and yet chose silver. Not because they gave up. But because they knew what they had. And they look\u2026 well, they look like themselves, simply stunning. Present, confident, beautiful in the most personal way.<\/p>\n\n\n\n<hr class=\"wp-block-separator has-alpha-channel-opacity\"\/>\n\n\n\n<div class=\"wp-block-uagb-advanced-heading uagb-block-17ba2648\"><h2 class=\"uagb-heading-text\">Why does silver hair need a little more love?<\/h2><\/div>\n\n\n\n<p>Here&#039;s something you deserve to know\u2014and no one tells you much. Gray hair has a completely different texture than colored hair. It can be drier, a little coarser, and tends to yellow if not cared for. But with the right products, it turns into silk.<\/p>\n\n\n\n<div class=\"wp-block-uagb-advanced-heading uagb-block-346a9177\"><h3 class=\"uagb-heading-text\">Purple shampoo is your new best friend <\/h3><\/div>\n\n\n\n<p>\u2013 neutralizes unwanted yellow tones and returns the hair to that cool, pearly shine. Once a week, a deep moisturizing mask. A serum or a few drops of oil at the end \u2013 and your hair shines like morning light through a curtain. Beautiful, soft, natural.<\/p>\n\n\n\n<p>And a haircut? That will do more than anything else. Healthy, split ends, whether it&#039;s a bob or long waves - silver on healthy hair is simply in a different category.<\/p>\n\n\n\n<hr class=\"wp-block-separator has-alpha-channel-opacity\"\/>\n\n\n\n<div class=\"wp-block-uagb-advanced-heading uagb-block-3984524e\"><h2 class=\"uagb-heading-text\">What will the silver hair say before you open your mouth?<\/h2><\/div>\n\n\n\n<p>There&#039;s something that happens when a woman stops hiding her age and starts wearing it. People notice\u2014and not in the way you might have feared. They stop. They stare. They just notice the confidence!<\/p>\n\n\n\n<p>Because silver hair sends a message. They say: <em>I know who I am. I deserve every bit of it. And I make no apologies for it.<\/em><\/p>\n\n\n\n<p>That&#039;s an energy that can&#039;t be bought at a hair salon. It comes from within \u2013 and silver hair only visibly confirms it.<\/p>\n\n\n\n<hr class=\"wp-block-separator has-alpha-channel-opacity\"\/>\n\n\n\n<div class=\"wp-block-uagb-advanced-heading uagb-block-951044d1\"><h3 class=\"uagb-heading-text\">Silver Sisters \u2013 a community that supports you<\/h3><\/div>\n\n\n\n<p>One of the best things about this trend is that it&#039;s not alone. You&#039;ll find accounts on Instagram full of women sharing their transitions\u2014with humor, with emotion, with that beautiful moment when they looked in the mirror for the first time and said: <em>Yes, this is me.<\/em> There are groups on Facebook or YouTube where women share tips, photos, stories. And we are also a group of mature women that is slowly growing... and I believe that one day you too will dare and start giving tips!<\/p>\n\n\n\n<p><strong>Because this journey is more beautiful when you walk it with someone.<\/strong><\/p>\n\n\n\n<figure class=\"wp-block-image size-large is-resized\"><img loading=\"lazy\" decoding=\"async\" width=\"1024\" height=\"683\" src=\"https:\/\/velkeholky.org\/wp-content\/uploads\/2026\/03\/pexels-photo-10049377-10049377-1024x683.jpg\" alt=\"Serene elderly woman surrounded by colorful blooms outdoors, showcasing grace and nature's beauty.\" class=\"wp-image-5295\" style=\"aspect-ratio:1.4992888417882142;width:511px;height:auto\" srcset=\"https:\/\/velkeholky.org\/wp-content\/uploads\/2026\/03\/pexels-photo-10049377-10049377-1024x683.jpg 1024w, https:\/\/velkeholky.org\/wp-content\/uploads\/2026\/03\/pexels-photo-10049377-10049377-300x200.jpg 300w, https:\/\/velkeholky.org\/wp-content\/uploads\/2026\/03\/pexels-photo-10049377-10049377-768x512.jpg 768w, https:\/\/velkeholky.org\/wp-content\/uploads\/2026\/03\/pexels-photo-10049377-10049377-1536x1024.jpg 1536w, https:\/\/velkeholky.org\/wp-content\/uploads\/2026\/03\/pexels-photo-10049377-10049377-2048x1365.jpg 2048w, https:\/\/velkeholky.org\/wp-content\/uploads\/2026\/03\/pexels-photo-10049377-10049377-18x12.jpg 18w, https:\/\/velkeholky.org\/wp-content\/uploads\/2026\/03\/pexels-photo-10049377-10049377-1140x760.jpg 1140w\" sizes=\"auto, (max-width: 1024px) 100vw, 1024px\" \/><\/figure>\n\n\n\n<hr class=\"wp-block-separator has-alpha-channel-opacity\"\/>\n\n\n\n<div class=\"wp-block-uagb-advanced-heading uagb-block-4f929c4e\"><h2 class=\"uagb-heading-text\">And what about style? That&#039;s just getting started.<\/h2><\/div>\n\n\n\n<p>Here&#039;s the fun part. Silver hair is surprisingly versatile\u2014and fashionable? It&#039;s the hair that sets trends, not follows them. Bold red lipstick for silver hair? Yes. Emerald or plum clothing to enhance the shine? Perfect. Big earrings, bold glasses, a scarf tied around a bun?<\/p>\n\n\n\n<p>Silver allows for more, not less, a lot more! That&#039;s the secret that women like my favorite know <a href=\"https:\/\/www.youtube.com\/@NikolJohnson\/shorts\" target=\"_blank\" rel=\"noopener\" title=\"\">Nicole Johnson<\/a> \u2013 a silver-haired fashion icon who proves with every post that style after fifty is just beginning.<\/p>\n\n\n\n<figure class=\"wp-block-embed is-type-video is-provider-youtube wp-block-embed-youtube wp-embed-aspect-9-16 wp-has-aspect-ratio\"><div class=\"wp-block-embed__wrapper\">\n<iframe loading=\"lazy\" title=\"365 Days of Good Hair Days \ud83d\udd25 NiKOL Johnson #classicstyle #BobHairCut\" width=\"563\" height=\"1000\" src=\"https:\/\/www.youtube.com\/embed\/4tOQGYWrDuk?feature=oembed\" frameborder=\"0\" allow=\"accelerometer; autoplay; clipboard-write; encrypted-media; gyroscope; picture-in-picture; web-share\" referrerpolicy=\"strict-origin-when-cross-origin\" allowfullscreen><\/iframe>\n<\/div><\/figure>\n\n\n\n<hr class=\"wp-block-separator has-alpha-channel-opacity\"\/>\n\n\n\n<div class=\"wp-block-uagb-advanced-heading uagb-block-f2c5aebe\"><h2 class=\"uagb-heading-text\">In conclusion \u2013 the crown you deserve<\/h2><\/div>\n\n\n\n<p>Silver hair is not where it is by chance. Each strand is a small record of your life \u2013 the laughter, the tears, the decisions, the nights, the hurts, the love, the loss, the strength. It is hair that has a story.<\/p>\n\n\n\n<p><strong>And the story, girls, doesn&#039;t hide. The story is carried with its head held high.<\/strong><\/p>\n\n\n\n<hr class=\"wp-block-separator has-alpha-channel-opacity\"\/>\n\n\n\n<p>I only have a few silver hairs so far, so I plan to support them with some gunmetal highlights! What about you???     <em>Are you on your way to silver, or are you already wearing it? <\/em><strong><em>Write to me in the comments \u2013 I&#039;d love to read your story.<\/em> \ud83e\udd0d<\/strong><\/p>\n\n\n\n<figure class=\"wp-block-embed is-type-wp-embed is-provider-vlo-en wp-block-embed-vlo-en\"><div class=\"wp-block-embed__wrapper\">\n<blockquote class=\"wp-embedded-content\" data-secret=\"tTUj65Vilv\"><a href=\"https:\/\/velkeholky.org\/en\/vlasy-po-padesatce-jak-se-meni-a-jak-o-ne-pecovat\/\">Hair After 50: Why It Changes and How to Make It Look Great Again<\/a><\/blockquote><iframe loading=\"lazy\" class=\"wp-embedded-content\" sandbox=\"allow-scripts\" security=\"restricted\" style=\"position: absolute; visibility: hidden;\" title=\"\u201eHair after 50: How it changes and how to care for it\u201c \u2014\" src=\"https:\/\/velkeholky.org\/vlasy-po-padesatce-jak-se-meni-a-jak-o-ne-pecovat\/embed\/#?secret=cLzvJfrrvr#?secret=tTUj65Vilv\" data-secret=\"tTUj65Vilv\" width=\"600\" height=\"338\" frameborder=\"0\" marginwidth=\"0\" marginheight=\"0\" scrolling=\"no\"><\/iframe>\n<\/div><\/figure>\n\n\n\n<p><\/p>","protected":false},"excerpt":{"rendered":"<p>St\u0159\u00edbrn\u00e9 vlasy nejsou prohra. Nejsou ani rezignace. Jsou p\u0159\u00edb\u011bh. Ka\u017ed\u00fd pramen je trochu zku\u0161enosti, trochu odvahy a mo\u017en\u00e1 i trochu svobody. V tomhle \u010dl\u00e1nku si pov\u00edme, pro\u010d st\u00e1le v\u00edc \u017een p\u0159est\u00e1v\u00e1 bojovat s \u010dasem \u2013 a m\u00edsto toho ho za\u010dne nosit s hrdost\u00ed. Proto\u017ee n\u011bkdy to, co jsme roky schov\u00e1valy\u2026 je ve skute\u010dnosti to nejkr\u00e1sn\u011bj\u0161\u00ed, co m\u00e1me.<\/p>","protected":false},"author":1,"featured_media":5296,"comment_status":"open","ping_status":"open","sticky":false,"template":"","format":"standard","meta":{"_uag_custom_page_level_css":"","footnotes":""},"categories":[5],"tags":[592,591,1428,1427,499,500,1426],"class_list":["post-5293","post","type-post","status-publish","format-standard","has-post-thumbnail","hentry","category-https-velkeholky-org-beauty-anti-age","tag-graue-haare","tag-gray-hair","tag-haare-nach-50","tag-hair-after-50","tag-krasne-vlasy","tag-sedive-vlasy","tag-vlasy-po-50"],"aioseo_notices":[],"uagb_featured_image_src":{"full":["https:\/\/velkeholky.org\/wp-content\/uploads\/2026\/03\/stribrne-vlasy-zena-50plus-vitr.png",1024,1536,false],"thumbnail":["https:\/\/velkeholky.org\/wp-content\/uploads\/2026\/03\/stribrne-vlasy-zena-50plus-vitr-150x150.png",150,150,true],"medium":["https:\/\/velkeholky.org\/wp-content\/uploads\/2026\/03\/stribrne-vlasy-zena-50plus-vitr-200x300.png",200,300,true],"medium_large":["https:\/\/velkeholky.org\/wp-content\/uploads\/2026\/03\/stribrne-vlasy-zena-50plus-vitr-768x1152.png",768,1152,true],"large":["https:\/\/velkeholky.org\/wp-content\/uploads\/2026\/03\/stribrne-vlasy-zena-50plus-vitr-683x1024.png",683,1024,true],"1536x1536":["https:\/\/velkeholky.org\/wp-content\/uploads\/2026\/03\/stribrne-vlasy-zena-50plus-vitr.png",1024,1536,false],"2048x2048":["https:\/\/velkeholky.org\/wp-content\/uploads\/2026\/03\/stribrne-vlasy-zena-50plus-vitr.png",1024,1536,false],"trp-custom-language-flag":["https:\/\/velkeholky.org\/wp-content\/uploads\/2026\/03\/stribrne-vlasy-zena-50plus-vitr-8x12.png",8,12,true],"ashe-slider-full-thumbnail":["https:\/\/velkeholky.org\/wp-content\/uploads\/2026\/03\/stribrne-vlasy-zena-50plus-vitr-1024x540.png",1024,540,true],"ashe-full-thumbnail":["https:\/\/velkeholky.org\/wp-content\/uploads\/2026\/03\/stribrne-vlasy-zena-50plus-vitr.png",1024,1536,false],"ashe-list-thumbnail":["https:\/\/velkeholky.org\/wp-content\/uploads\/2026\/03\/stribrne-vlasy-zena-50plus-vitr-300x300.png",300,300,true],"ashe-grid-thumbnail":["https:\/\/velkeholky.org\/wp-content\/uploads\/2026\/03\/stribrne-vlasy-zena-50plus-vitr-500x330.png",500,330,true],"ashe-single-navigation":["https:\/\/velkeholky.org\/wp-content\/uploads\/2026\/03\/stribrne-vlasy-zena-50plus-vitr-75x75.png",75,75,true]},"uagb_author_info":{"display_name":"S l\u00e1skou Daniela \ud83d\udc9c","author_link":"https:\/\/velkeholky.org\/en\/author\/velkeholkygmail-com\/"},"uagb_comment_info":0,"uagb_excerpt":"St\u0159\u00edbrn\u00e9 vlasy nejsou prohra. Nejsou ani rezignace. Jsou p\u0159\u00edb\u011bh. Ka\u017ed\u00fd pramen je trochu zku\u0161enosti, trochu odvahy a mo\u017en\u00e1 i trochu svobody. V tomhle \u010dl\u00e1nku si pov\u00edme, pro\u010d st\u00e1le v\u00edc \u017een p\u0159est\u00e1v\u00e1 bojovat s \u010dasem \u2013 a m\u00edsto toho ho za\u010dne nosit s hrdost\u00ed. Proto\u017ee n\u011bkdy to, co jsme roky schov\u00e1valy\u2026 je ve skute\u010dnosti to nejkr\u00e1sn\u011bj\u0161\u00ed,&hellip;","_links":{"self":[{"href":"https:\/\/velkeholky.org\/en\/wp-json\/wp\/v2\/posts\/5293","targetHints":{"allow":["GET"]}}],"collection":[{"href":"https:\/\/velkeholky.org\/en\/wp-json\/wp\/v2\/posts"}],"about":[{"href":"https:\/\/velkeholky.org\/en\/wp-json\/wp\/v2\/types\/post"}],"author":[{"embeddable":true,"href":"https:\/\/velkeholky.org\/en\/wp-json\/wp\/v2\/users\/1"}],"replies":[{"embeddable":true,"href":"https:\/\/velkeholky.org\/en\/wp-json\/wp\/v2\/comments?post=5293"}],"version-history":[{"count":1,"href":"https:\/\/velkeholky.org\/en\/wp-json\/wp\/v2\/posts\/5293\/revisions"}],"predecessor-version":[{"id":5297,"href":"https:\/\/velkeholky.org\/en\/wp-json\/wp\/v2\/posts\/5293\/revisions\/5297"}],"wp:featuredmedia":[{"embeddable":true,"href":"https:\/\/velkeholky.org\/en\/wp-json\/wp\/v2\/media\/5296"}],"wp:attachment":[{"href":"https:\/\/velkeholky.org\/en\/wp-json\/wp\/v2\/media?parent=5293"}],"wp:term":[{"taxonomy":"category","embeddable":true,"href":"https:\/\/velkeholky.org\/en\/wp-json\/wp\/v2\/categories?post=5293"},{"taxonomy":"post_tag","embeddable":true,"href":"https:\/\/velkeholky.org\/en\/wp-json\/wp\/v2\/tags?post=5293"}],"curies":[{"name":"wp","href":"https:\/\/api.w.org\/{rel}","templated":true}]}}