{"id":5271,"date":"2026-03-02T05:38:00","date_gmt":"2026-03-02T05:38:00","guid":{"rendered":"https:\/\/velkeholky.org\/?p=5271"},"modified":"2026-02-27T21:18:02","modified_gmt":"2026-02-27T21:18:02","slug":"breznove-legendy-ryby-a-berani-kteri-starnou-s-nami","status":"publish","type":"post","link":"https:\/\/velkeholky.org\/en\/breznove-legendy-ryby-a-berani-kteri-starnou-s-nami\/","title":{"rendered":"March Legends: Pisces and Aries, Who Grow Old With Us"},"content":{"rendered":"\n<p>B\u0159ezen se n\u00e1m tedy p\u011bkn\u011b hem\u017e\u00ed obl\u00edben\u00fdmi jm\u00e9ny\u2763<\/p>\n\n\n\n<div class=\"wp-block-uagb-advanced-heading uagb-block-333005b3\"><h2 class=\"uagb-heading-text\">Ryby i Berani rozhodn\u011b nezaost\u00e1vaj\u00ed&#8230;<\/h2><\/div>\n\n\n\n<p>kdy\u017e se na ten seznam pod\u00edv\u00e1m, \u0159\u00edk\u00e1m si \u2013 tohle nen\u00ed n\u00e1hoda.<\/p>\n\n\n\n<p>Ryb\u00ed citlivost, hloubka a hudebn\u00ed du\u0161e. Beran\u00ed energie, tah na branku a ohnivost. Ka\u017ed\u00e9 z t\u011bchto znamen\u00ed m\u00e1 n\u011bco, co n\u00e1s formovalo. P\u00edsn\u011b, filmy, osobnosti, na kter\u00fdch jsme vyrostly. N\u011bkte\u0159\u00ed n\u00e1s prov\u00e1zeli pubertou, jin\u00ed dosp\u011blost\u00ed \u2013 a n\u011bkte\u0159\u00ed st\u00e1rnou spolu s n\u00e1mi.<\/p>\n\n\n\n<p>Mo\u017en\u00e1 pr\u00e1v\u011b proto je b\u0159ezen tak siln\u00fd. Emoce i s\u00edla v jednom m\u011bs\u00edci.<\/p>\n\n\n\n<div class=\"wp-block-uagb-advanced-heading uagb-block-085b608b\"><h2 class=\"uagb-heading-text\"> Jon Bon Jovi \u2013 ano milovaly sme ho, stejn\u011b jako jeho p\u00edsn\u011b!<\/h2><\/div>\n\n\n\n<p>Herec,<a href=\"https:\/\/www.bonjovi.com\/\" target=\"_blank\" rel=\"noopener\" title=\"\"> zp\u011bv\u00e1k<\/a>, skladatel, hudebn\u00edk, kytarista<\/p>\n\n\n\n<p><strong>Datum narozen\u00ed:<\/strong> 2. b\u0159ezna 1962<\/p>\n\n\n\n<p>V\u011bk: 63 let<\/p>\n\n\n\n<p>Znamen\u00ed: Ryby<\/p>\n\n\n\n<figure class=\"wp-block-embed is-type-video is-provider-youtube wp-block-embed-youtube wp-embed-aspect-16-9 wp-has-aspect-ratio\"><div class=\"wp-block-embed__wrapper\">\n<iframe loading=\"lazy\" title=\"Jon Bon Jovi - Blaze Of Glory (Official Music Video)\" width=\"960\" height=\"540\" src=\"https:\/\/www.youtube.com\/embed\/MfmYCM4CS8o?feature=oembed\" frameborder=\"0\" allow=\"accelerometer; autoplay; clipboard-write; encrypted-media; gyroscope; picture-in-picture; web-share\" referrerpolicy=\"strict-origin-when-cross-origin\" allowfullscreen><\/iframe>\n<\/div><\/figure>\n\n\n\n<p><\/p>\n\n\n\n<div class=\"wp-block-uagb-advanced-heading uagb-block-cc0e696b\"><h2 class=\"uagb-heading-text\">Antonio Vivaldi<\/h2><\/div>\n\n\n\n<p>Hudebn\u00ed skladatel<\/p>\n\n\n\n<p><strong>Datum narozen\u00ed:<\/strong> 4. b\u0159ezna 1678<\/p>\n\n\n\n<p>Zem\u0159el ve v\u011bku: 63 let<\/p>\n\n\n\n<p>Znamen\u00ed: Ryby<\/p>\n\n\n\n<div class=\"wp-block-uagb-advanced-heading uagb-block-eedb39df\"><h2 class=\"uagb-heading-text\">Eva Mendes \u2013 i ona u\u017e je Velk\u00e1 Holka!<\/h2><\/div>\n\n\n\n<p>Here\u010dka, modelka<\/p>\n\n\n\n<p><strong>Datum narozen\u00ed:<\/strong> 5. b\u0159ezna 1974<\/p>\n\n\n\n<p>V\u011bk: 51 let<\/p>\n\n\n\n<p>Znamen\u00ed: Ryby<\/p>\n\n\n\n<div class=\"wp-block-uagb-advanced-heading uagb-block-3ae74091\"><h2 class=\"uagb-heading-text\">Ji\u0159\u00ed Schelinger \u2013 jeho neuv\u011b\u0159iteln\u00fd Holub\u00ed d\u016fm b\u00fdvala moje srdcovka!<\/h2><\/div>\n\n\n\n<p>Zp\u011bv\u00e1k<\/p>\n\n\n\n<p><strong>Datum narozen\u00ed:<\/strong> 6. b\u0159ezna 1951<\/p>\n\n\n\n<p>Zem\u0159el ve v\u011bku: 30 let<\/p>\n\n\n\n<p>Znamen\u00ed: Ryby<\/p>\n\n\n\n<figure class=\"wp-block-embed is-type-video is-provider-youtube wp-block-embed-youtube wp-embed-aspect-16-9 wp-has-aspect-ratio\"><div class=\"wp-block-embed__wrapper\">\n<iframe loading=\"lazy\" title=\"Ji\u0159\u00ed Schelinger - Holub\u00ed d\u016fm  (1972)\" width=\"960\" height=\"540\" src=\"https:\/\/www.youtube.com\/embed\/K7-Apk3tcjE?feature=oembed\" frameborder=\"0\" allow=\"accelerometer; autoplay; clipboard-write; encrypted-media; gyroscope; picture-in-picture; web-share\" referrerpolicy=\"strict-origin-when-cross-origin\" allowfullscreen><\/iframe>\n<\/div><\/figure>\n\n\n\n<p><\/p>\n\n\n\n<div class=\"wp-block-uagb-advanced-heading uagb-block-c7251383\"><h2 class=\"uagb-heading-text\">Chuck Norris \u2013 za m\u011b prost\u011b Texas Ranger<\/h2><\/div>\n\n\n\n<p>Herec<\/p>\n\n\n\n<p><strong>Datum narozen\u00ed:<\/strong> 10. b\u0159ezna 1940<\/p>\n\n\n\n<p>V\u011bk: 85 let<\/p>\n\n\n\n<p>Znamen\u00ed: Ryby<\/p>\n\n\n\n<div class=\"wp-block-uagb-advanced-heading uagb-block-bd7ecf2d\"><h2 class=\"uagb-heading-text\">Bruce Willis \u2013 spr\u00e1v\u0148\u00e1k, p\u00e1\u0165\u00e1k, frajer\u2026 asi jsem ho nikdy nevid\u011bla v z\u00e1porn\u00e9 roli\u2763<\/h2><\/div>\n\n\n\n<p>Herec, producent, zp\u011bv\u00e1k<\/p>\n\n\n\n<p><strong>Datum narozen\u00ed: <\/strong>19. b\u0159ezna 1955<\/p>\n\n\n\n<p>V\u011bk: 70 let<\/p>\n\n\n\n<p>Znamen\u00ed: Ryby<\/p>\n\n\n\n<div class=\"wp-block-uagb-advanced-heading uagb-block-6665e96a\"><h2 class=\"uagb-heading-text\">Chester Bennington \u2013 \u0161koda ho, m\u00e1m r\u00e1da jeho hudbu!<\/h2><\/div>\n\n\n\n<p>Herec, sc\u00e9n\u00e1rista, zp\u011bv\u00e1k, kytarista, kl\u00e1vesista<\/p>\n\n\n\n<p><strong>Datum narozen\u00ed:<\/strong> 20. b\u0159ezna 1976<\/p>\n\n\n\n<p>Zem\u0159el ve v\u011bku: 41 let<\/p>\n\n\n\n<p>Znamen\u00ed: Ryby<\/p>\n\n\n\n<figure class=\"wp-block-embed is-type-video is-provider-youtube wp-block-embed-youtube wp-embed-aspect-16-9 wp-has-aspect-ratio\"><div class=\"wp-block-embed__wrapper\">\n<iframe loading=\"lazy\" title=\"In The End [Official HD Music Video] - Linkin Park\" width=\"960\" height=\"540\" src=\"https:\/\/www.youtube.com\/embed\/eVTXPUF4Oz4?feature=oembed\" frameborder=\"0\" allow=\"accelerometer; autoplay; clipboard-write; encrypted-media; gyroscope; picture-in-picture; web-share\" referrerpolicy=\"strict-origin-when-cross-origin\" allowfullscreen><\/iframe>\n<\/div><\/figure>\n\n\n\n<p><\/p>\n\n\n\n<div class=\"wp-block-uagb-advanced-heading uagb-block-255a024c\"><h2 class=\"uagb-heading-text\">Johann Sebastian Bach<\/h2><\/div>\n\n\n\n<p>Hudebn\u00ed skladatel, varhan\u00edk<\/p>\n\n\n\n<p><strong>Datum narozen\u00ed:<\/strong> 21. b\u0159ezna 1685<\/p>\n\n\n\n<p>Zem\u0159el ve v\u011bku: 65 let<\/p>\n\n\n\n<p>Znamen\u00ed: Beran<\/p>\n\n\n\n<div class=\"wp-block-uagb-advanced-heading uagb-block-e97b51ae\"><h2 class=\"uagb-heading-text\">Timothy Dalton \u2013 zam\u00edchat, net\u0159epat (James Bond)<\/h2><\/div>\n\n\n\n<p>Herec<\/p>\n\n\n\n<p><strong>Datum narozen\u00ed:<\/strong> 21. b\u0159ezna 1946<\/p>\n\n\n\n<p>V\u011bk: 79 let<\/p>\n\n\n\n<p>Znamen\u00ed: Beran<\/p>\n\n\n\n<div class=\"wp-block-uagb-advanced-heading uagb-block-22097963\"><h2 class=\"uagb-heading-text\">Reese Witherspoon<\/h2><\/div>\n\n\n\n<p>Here\u010dka, modelka, producentka, skladatelka<\/p>\n\n\n\n<p><strong>Datum narozen\u00ed:<\/strong> 22. b\u0159ezna 1976<\/p>\n\n\n\n<p>V\u011bk: 49 let<\/p>\n\n\n\n<p>Znamen\u00ed: Beran<\/p>\n\n\n\n<div class=\"wp-block-uagb-advanced-heading uagb-block-ec15490e\"><h2 class=\"uagb-heading-text\">Nena \u2013 velmi popul\u00e1rn\u00ed 99 Luftballons<\/h2><\/div>\n\n\n\n<p>Zp\u011bva\u010dka<\/p>\n\n\n\n<p><strong>Datum narozen\u00ed:<\/strong> 24. b\u0159ezna 1960<\/p>\n\n\n\n<p>V\u011bk: 65 let<\/p>\n\n\n\n<p>Znamen\u00ed: Beran<\/p>\n\n\n\n<div class=\"wp-block-uagb-advanced-heading uagb-block-ed9a0bc2\"><h2 class=\"uagb-heading-text\">Elton John<\/h2><\/div>\n\n\n\n<p>Zp\u011bv\u00e1k, klav\u00edrista, hudebn\u00ed skladatel<\/p>\n\n\n\n<p><strong>Datum narozen\u00ed:<\/strong> 25. b\u0159ezna 1947<\/p>\n\n\n\n<p>V\u011bk: 78 let<\/p>\n\n\n\n<p>Znamen\u00ed: Beran<\/p>\n\n\n\n<div class=\"wp-block-uagb-advanced-heading uagb-block-c78c8114\"><h2 class=\"uagb-heading-text\">Sarah Jessica Parker \u2013 Sex ve m\u011bst\u011b st\u00e1rne s n\u00e1mi<\/h2><\/div>\n\n\n\n<p>Here\u010dka<\/p>\n\n\n\n<p><strong>Datum narozen\u00ed: <\/strong>25. b\u0159ezna 1965<\/p>\n\n\n\n<p>V\u011bk: 60 let<\/p>\n\n\n\n<p>Znamen\u00ed: Beran<\/p>\n\n\n\n<div class=\"wp-block-uagb-advanced-heading uagb-block-826ea166\"><h2 class=\"uagb-heading-text\">Steven Tyler \u2013 Aerosmith<\/h2><\/div>\n\n\n\n<p>Herec, zp\u011bv\u00e1k<\/p>\n\n\n\n<p><strong>Datum narozen\u00ed:<\/strong> 26. b\u0159ezna 1948<\/p>\n\n\n\n<p>V\u011bk: 77 let<\/p>\n\n\n\n<p>Znamen\u00ed: Beran<\/p>\n\n\n\n<div class=\"wp-block-uagb-advanced-heading uagb-block-4d258fe2\"><h2 class=\"uagb-heading-text\">Mariah Carey<\/h2><\/div>\n\n\n\n<p>Here\u010dka, zp\u011bva\u010dka, producentka, n\u00e1vrh\u00e1\u0159ka<\/p>\n\n\n\n<p><strong>Datum narozen\u00ed: <\/strong>27. b\u0159ezna 1970<\/p>\n\n\n\n<p>V\u011bk: 55 let<\/p>\n\n\n\n<p>Znamen\u00ed: Beran<\/p>\n\n\n\n<div class=\"wp-block-uagb-advanced-heading uagb-block-0d358b45\"><h2 class=\"uagb-heading-text\">Lady Gaga<\/h2><\/div>\n\n\n\n<p>Here\u010dka, zp\u011bva\u010dka, hudebn\u00ed skladatelka<\/p>\n\n\n\n<p><strong>Datum narozen\u00ed:<\/strong> 28. b\u0159ezna 1986<\/p>\n\n\n\n<p>V\u011bk: 39 let<\/p>\n\n\n\n<p>Znamen\u00ed: Beran<\/p>\n\n\n\n<figure class=\"wp-block-embed is-type-video is-provider-youtube wp-block-embed-youtube wp-embed-aspect-16-9 wp-has-aspect-ratio\"><div class=\"wp-block-embed__wrapper\">\n<iframe loading=\"lazy\" title=\"lady gaga   hold my hand extended\" width=\"960\" height=\"540\" src=\"https:\/\/www.youtube.com\/embed\/8b44xGFFfRo?feature=oembed\" frameborder=\"0\" allow=\"accelerometer; autoplay; clipboard-write; encrypted-media; gyroscope; picture-in-picture; web-share\" referrerpolicy=\"strict-origin-when-cross-origin\" allowfullscreen><\/iframe>\n<\/div><\/figure>\n\n\n\n<p><\/p>\n\n\n\n<div class=\"wp-block-uagb-advanced-heading uagb-block-5b418a6c\"><h2 class=\"uagb-heading-text\">Jan Amos Komensk\u00fd<\/h2><\/div>\n\n\n\n<p>Pedagog, spisovatel, teolog, filosof<\/p>\n\n\n\n<p><strong>Datum narozen\u00ed:<\/strong> 28. b\u0159ezna 1592<\/p>\n\n\n\n<p>Zem\u0159el ve v\u011bku: 78 let<\/p>\n\n\n\n<p>Znamen\u00ed: Beran<\/p>\n\n\n\n<div class=\"wp-block-uagb-advanced-heading uagb-block-8530d89c\"><h2 class=\"uagb-heading-text\">Terence Hill \u2013 na jeho spaghetti westernech a komedi\u00edch jsme vyr\u016fstali<\/h2><\/div>\n\n\n\n<p>Herec, sc\u00e9n\u00e1rista, re\u017eis\u00e9r, producent<\/p>\n\n\n\n<p><strong>Datum narozen\u00ed:<\/strong> 29. b\u0159ezna 1939<\/p>\n\n\n\n<p>V\u011bk: 86 let<\/p>\n\n\n\n<p>Znamen\u00ed: Beran<\/p>\n\n\n\n<div class=\"wp-block-uagb-advanced-heading uagb-block-b1d7b5ed\"><h2 class=\"uagb-heading-text\">C\u00e9line Dion \u2013 Ano, nesmrteln\u00fd Titanic<\/h2><\/div>\n\n\n\n<p>Here\u010dka, zp\u011bva\u010dka, producentka <\/p>\n\n\n\n<p><strong>Datum narozen\u00ed: <\/strong>30. b\u0159ezna 1968<\/p>\n\n\n\n<p>V\u011bk: 57 let<\/p>\n\n\n\n<p>Znamen\u00ed: Beran<\/p>\n\n\n\n<div class=\"wp-block-uagb-advanced-heading uagb-block-185a6b65\"><h2 class=\"uagb-heading-text\">Eric Clapton<\/h2><\/div>\n\n\n\n<p>Zp\u011bv\u00e1k, skladatel, kytarista <\/p>\n\n\n\n<p><strong>Datum narozen\u00ed:<\/strong> 30. b\u0159ezna 1945<\/p>\n\n\n\n<p>V\u011bk: 80 let<\/p>\n\n\n\n<p>Znamen\u00ed: Beran<\/p>\n\n\n\n<div class=\"wp-block-uagb-advanced-heading uagb-block-c4d40c20\"><h2 class=\"uagb-heading-text\">Vincent van Gogh<\/h2><\/div>\n\n\n\n<p>Mal\u00ed\u0159 <\/p>\n\n\n\n<p><strong>Datum narozen\u00ed: <\/strong>30. b\u0159ezna 1853<\/p>\n\n\n\n<p>Zem\u0159el ve v\u011bku: 37 let<\/p>\n\n\n\n<p>Znamen\u00ed: Beran<\/p>\n\n\n\n<div class=\"wp-block-uagb-advanced-heading uagb-block-aa51b898\"><h2 class=\"uagb-heading-text\">Angus Young \u2013 \u010dlen AC\/DC, skv\u011bl\u00fd kytarista<\/h2><\/div>\n\n\n\n<p>Kytarista &#8211; Datum narozen\u00ed: 31. b\u0159ezna 1955<\/p>\n\n\n\n<p>V\u011bk: 70 let<\/p>\n\n\n\n<p>Znamen\u00ed: Beran<\/p>\n\n\n\n<figure class=\"wp-block-embed is-type-video is-provider-youtube wp-block-embed-youtube wp-embed-aspect-4-3 wp-has-aspect-ratio\"><div class=\"wp-block-embed__wrapper\">\n<iframe loading=\"lazy\" title=\"AC\/DC - Thunderstruck (Official Video)\" width=\"960\" height=\"720\" src=\"https:\/\/www.youtube.com\/embed\/v2AC41dglnM?feature=oembed\" frameborder=\"0\" allow=\"accelerometer; autoplay; clipboard-write; encrypted-media; gyroscope; picture-in-picture; web-share\" referrerpolicy=\"strict-origin-when-cross-origin\" allowfullscreen><\/iframe>\n<\/div><\/figure>\n\n\n\n<p><\/p>\n\n\n\n<h2 class=\"wp-block-heading\">Z\u00e1v\u011br<\/h2>\n\n\n\n<p>Kdy\u017e jsem ten seznam skl\u00e1dala, uv\u011bdomila jsem si jednu v\u011bc \u2013 ur\u010dit\u011b jsem neobs\u00e1hla v\u0161echny. To ani nejde. Ale douf\u00e1m, \u017ee ti nejd\u016fle\u017eit\u011bj\u0161\u00ed, ti, <a href=\"https:\/\/velkeholky.org\/houzevnatost-grit-kniha-pro-vsechny-zeny-50\/\" target=\"_blank\" rel=\"noopener\" title=\"\">kte\u0159\u00ed v n\u00e1s zanechali stopu, tu jsou.<\/a><\/p>\n\n\n\n<p>A te\u010f m\u011b to zaj\u00edm\u00e1. Kdo je v\u00e1\u0161 obl\u00edbenec? Chyb\u00ed v\u00e1m tu n\u011bkdo, koho bych m\u011bla doplnit?<\/p>\n\n\n\n<p>B\u0159ezen je pln\u00fd osobnost\u00ed. A mo\u017en\u00e1 i proto m\u00e1 tak zvl\u00e1\u0161tn\u00ed energii \u2013 trochu citlivou, trochu ohnivou. A p\u0159esn\u011b takov\u00fd je n\u011bkdy i n\u00e1\u0161 \u017eivot.<\/p>\n\n\n\n<figure class=\"wp-block-embed is-type-wp-embed is-provider-vlo-en wp-block-embed-vlo-en\"><div class=\"wp-block-embed__wrapper\">\n<blockquote class=\"wp-embedded-content\" data-secret=\"LcDUpB1Kpe\"><a href=\"https:\/\/velkeholky.org\/houzevnatost-grit-kniha-pro-vsechny-zeny-50\/\">Hou\u017eevnatost\/Grit: kniha pro v\u0161echny \u017eeny 50+<\/a><\/blockquote><iframe loading=\"lazy\" class=\"wp-embedded-content\" sandbox=\"allow-scripts\" security=\"restricted\" style=\"position: absolute; visibility: hidden;\" title=\"&#8222;Hou\u017eevnatost\/Grit: kniha pro v\u0161echny \u017eeny 50+&#8220; &#8212; \" src=\"https:\/\/velkeholky.org\/houzevnatost-grit-kniha-pro-vsechny-zeny-50\/embed\/#?secret=JTTIEgSGZ4#?secret=LcDUpB1Kpe\" data-secret=\"LcDUpB1Kpe\" width=\"600\" height=\"338\" frameborder=\"0\" marginwidth=\"0\" marginheight=\"0\" scrolling=\"no\"><\/iframe>\n<\/div><\/figure>\n","protected":false},"excerpt":{"rendered":"<p>Pisces sensitivity, depth and musical soul. Aries energy, goal-oriented and fiery. Each of these signs has something that shaped us. Songs, movies, personalities we grew up with.<\/p>","protected":false},"author":1,"featured_media":5272,"comment_status":"open","ping_status":"open","sticky":false,"template":"","format":"standard","meta":{"_uag_custom_page_level_css":"","footnotes":""},"categories":[6],"tags":[806,800,1400,1406,1407,1402,1403,914,812,1399,1405,1404,1401],"class_list":["post-5271","post","type-post","status-publish","format-standard","has-post-thumbnail","hentry","category-https-velkeholky-org-knihy-legendy","tag-celebrities","tag-celebrity","tag-filmove-hvezdy","tag-filmstars","tag-legenden-des-marz","tag-march-legends","tag-movie-stars","tag-prominente","tag-rock","tag-ryby-a-berani","tag-sanger-und-sangerinnen","tag-singers","tag-zpevaci-a-zpevacky"],"aioseo_notices":[],"uagb_featured_image_src":{"full":["https:\/\/velkeholky.org\/wp-content\/uploads\/2026\/02\/breznove-legendy.png",1024,1536,false],"thumbnail":["https:\/\/velkeholky.org\/wp-content\/uploads\/2026\/02\/breznove-legendy-150x150.png",150,150,true],"medium":["https:\/\/velkeholky.org\/wp-content\/uploads\/2026\/02\/breznove-legendy-200x300.png",200,300,true],"medium_large":["https:\/\/velkeholky.org\/wp-content\/uploads\/2026\/02\/breznove-legendy-768x1152.png",768,1152,true],"large":["https:\/\/velkeholky.org\/wp-content\/uploads\/2026\/02\/breznove-legendy-683x1024.png",683,1024,true],"1536x1536":["https:\/\/velkeholky.org\/wp-content\/uploads\/2026\/02\/breznove-legendy.png",1024,1536,false],"2048x2048":["https:\/\/velkeholky.org\/wp-content\/uploads\/2026\/02\/breznove-legendy.png",1024,1536,false],"trp-custom-language-flag":["https:\/\/velkeholky.org\/wp-content\/uploads\/2026\/02\/breznove-legendy-8x12.png",8,12,true],"ashe-slider-full-thumbnail":["https:\/\/velkeholky.org\/wp-content\/uploads\/2026\/02\/breznove-legendy-1024x540.png",1024,540,true],"ashe-full-thumbnail":["https:\/\/velkeholky.org\/wp-content\/uploads\/2026\/02\/breznove-legendy.png",1024,1536,false],"ashe-list-thumbnail":["https:\/\/velkeholky.org\/wp-content\/uploads\/2026\/02\/breznove-legendy-300x300.png",300,300,true],"ashe-grid-thumbnail":["https:\/\/velkeholky.org\/wp-content\/uploads\/2026\/02\/breznove-legendy-500x330.png",500,330,true],"ashe-single-navigation":["https:\/\/velkeholky.org\/wp-content\/uploads\/2026\/02\/breznove-legendy-75x75.png",75,75,true]},"uagb_author_info":{"display_name":"S l\u00e1skou Daniela \ud83d\udc9c","author_link":"https:\/\/velkeholky.org\/en\/author\/velkeholkygmail-com\/"},"uagb_comment_info":0,"uagb_excerpt":"Ryb\u00ed citlivost, hloubka a hudebn\u00ed du\u0161e. Beran\u00ed energie, tah na branku a ohnivost. Ka\u017ed\u00e9 z t\u011bchto znamen\u00ed m\u00e1 n\u011bco, co n\u00e1s formovalo. P\u00edsn\u011b, filmy, osobnosti, na kter\u00fdch jsme vyrostly.","_links":{"self":[{"href":"https:\/\/velkeholky.org\/en\/wp-json\/wp\/v2\/posts\/5271","targetHints":{"allow":["GET"]}}],"collection":[{"href":"https:\/\/velkeholky.org\/en\/wp-json\/wp\/v2\/posts"}],"about":[{"href":"https:\/\/velkeholky.org\/en\/wp-json\/wp\/v2\/types\/post"}],"author":[{"embeddable":true,"href":"https:\/\/velkeholky.org\/en\/wp-json\/wp\/v2\/users\/1"}],"replies":[{"embeddable":true,"href":"https:\/\/velkeholky.org\/en\/wp-json\/wp\/v2\/comments?post=5271"}],"version-history":[{"count":1,"href":"https:\/\/velkeholky.org\/en\/wp-json\/wp\/v2\/posts\/5271\/revisions"}],"predecessor-version":[{"id":5273,"href":"https:\/\/velkeholky.org\/en\/wp-json\/wp\/v2\/posts\/5271\/revisions\/5273"}],"wp:featuredmedia":[{"embeddable":true,"href":"https:\/\/velkeholky.org\/en\/wp-json\/wp\/v2\/media\/5272"}],"wp:attachment":[{"href":"https:\/\/velkeholky.org\/en\/wp-json\/wp\/v2\/media?parent=5271"}],"wp:term":[{"taxonomy":"category","embeddable":true,"href":"https:\/\/velkeholky.org\/en\/wp-json\/wp\/v2\/categories?post=5271"},{"taxonomy":"post_tag","embeddable":true,"href":"https:\/\/velkeholky.org\/en\/wp-json\/wp\/v2\/tags?post=5271"}],"curies":[{"name":"wp","href":"https:\/\/api.w.org\/{rel}","templated":true}]}}