{"id":4858,"date":"2025-12-20T05:10:00","date_gmt":"2025-12-20T05:10:00","guid":{"rendered":"https:\/\/velkeholky.org\/?p=4858"},"modified":"2026-01-27T19:56:18","modified_gmt":"2026-01-27T19:56:18","slug":"zlata-nedele-ticho-mir-a-konecne-spojeni","status":"publish","type":"post","link":"https:\/\/velkeholky.org\/en\/zlata-nedele-ticho-mir-a-konecne-spojeni\/","title":{"rendered":"Golden Sunday: Silence, Peace and ultimate CONNECTION"},"content":{"rendered":"<p><strong>And the feeling that we&#039;re almost there... \ud83d\udd6f\ufe0f<\/strong><\/p>\n\n\n\n<div class=\"wp-block-uagb-advanced-heading uagb-block-d809d5d7\"><h2 class=\"uagb-heading-text\">It&#039;s the last, fourth Sunday of Advent!<\/h2><\/div>\n\n\n\n<p>You know how it is \u2013 the days before Christmas suddenly have this strange, accelerated feel to them. <em>and<\/em> at the same time a calming energy. Throughout Advent, we have honored home, family, friends, and ourselves. And I have found that this last, Fourth Sunday of Advent, is such a beautiful culmination and is supposed to lead us to the highest \u2013 honoring God, higher leadership, and all his helpers. Do you feel it? It&#039;s that feeling that you are being held by a power that transcends our daily hustle and bustle.<\/p>\n\n\n\n<p><strong>This Sunday is rightly called Golden Sunday, and I like that name so much because it has the color of light, peace, and such a quiet, deep joy. In the liturgy, it also has the color gold!<\/strong><\/p>\n\n\n\n<div class=\"wp-block-uagb-advanced-heading uagb-block-09002b12\"><h2 class=\"uagb-heading-text\">The scent of pine needles, peace and that Angel candle <strong>\u2728<\/strong><\/h2><\/div>\n\n\n\n<figure class=\"wp-block-image size-large is-resized\"><img loading=\"lazy\" decoding=\"async\" width=\"683\" height=\"1024\" src=\"https:\/\/velkeholky.org\/wp-content\/uploads\/2025\/11\/g4d36bc49581fa0b4a66071e02ca446b948b22acb9721b71ea0e8f27b054e0535b99b08c09d8d89322257eb2b22d06cc398bfd527e37f0a2b7851a3a45ea6b36f_1280-7674923-683x1024.jpg\" alt=\"candle, flame, christmas, new year's day, candlelight, light, burn, night, hope, reflection, background\" class=\"wp-image-4859\" style=\"width:214px;height:auto\" srcset=\"https:\/\/velkeholky.org\/wp-content\/uploads\/2025\/11\/g4d36bc49581fa0b4a66071e02ca446b948b22acb9721b71ea0e8f27b054e0535b99b08c09d8d89322257eb2b22d06cc398bfd527e37f0a2b7851a3a45ea6b36f_1280-7674923-683x1024.jpg 683w, https:\/\/velkeholky.org\/wp-content\/uploads\/2025\/11\/g4d36bc49581fa0b4a66071e02ca446b948b22acb9721b71ea0e8f27b054e0535b99b08c09d8d89322257eb2b22d06cc398bfd527e37f0a2b7851a3a45ea6b36f_1280-7674923-200x300.jpg 200w, https:\/\/velkeholky.org\/wp-content\/uploads\/2025\/11\/g4d36bc49581fa0b4a66071e02ca446b948b22acb9721b71ea0e8f27b054e0535b99b08c09d8d89322257eb2b22d06cc398bfd527e37f0a2b7851a3a45ea6b36f_1280-7674923-768x1151.jpg 768w, https:\/\/velkeholky.org\/wp-content\/uploads\/2025\/11\/g4d36bc49581fa0b4a66071e02ca446b948b22acb9721b71ea0e8f27b054e0535b99b08c09d8d89322257eb2b22d06cc398bfd527e37f0a2b7851a3a45ea6b36f_1280-7674923-8x12.jpg 8w, https:\/\/velkeholky.org\/wp-content\/uploads\/2025\/11\/g4d36bc49581fa0b4a66071e02ca446b948b22acb9721b71ea0e8f27b054e0535b99b08c09d8d89322257eb2b22d06cc398bfd527e37f0a2b7851a3a45ea6b36f_1280-7674923.jpg 854w\" sizes=\"auto, (max-width: 683px) 100vw, 683px\" \/><\/figure>\n\n\n\n<p>When I think about my Advent wreath now, I have to smile. Tonight we will finally light the fourth, last candle! You know, it&#039;s called <a href=\"https:\/\/www.svicky.cz\/svatky\/vanoce\/advent\/\" target=\"_blank\" rel=\"noopener\" title=\"\">Angel&#039;s<\/a> \u2013 it symbolizes peace and tranquility. And that&#039;s exactly what we need most in this pre-Christmas finale. <\/p>\n\n\n\n<p>The last candle on the wreath reminds us of the power of warm relationships, not just at Christmas, but all year round. What a beautiful thought! I always light it with deep respect for God and the beings who help us every day. It&#039;s such a way of saying thank you to everyone.<\/p>\n\n\n\n<ul class=\"wp-block-list\">\n<li>I know it&#039;s time for the final touches that make Christmas Christmas. Maybe today we&#039;re finishing up the last of the cookies - probably just unbaked ones - and preparing fruit bowls.<\/li>\n\n\n\n<li>I&#039;m already thinking to myself: &quot;We&#039;re almost there!&quot; It symbolizes the end of the wait.<\/li>\n\n\n\n<li>This Sunday is also, according to tradition, the most joyful day of the entire Advent, full of joy from the soon coming of Jesus Christ. The silence that descends into my apartment with the flame of the Angel Candle \u2013 that is the genuine peace that I so want to preserve!<\/li>\n<\/ul>\n\n\n\n<div class=\"wp-block-uagb-advanced-heading uagb-block-98ba0499\"><h2 class=\"uagb-heading-text\"> Final preparations and the magic of home <strong>\ud83c\udf32<\/strong><\/h2><\/div>\n\n\n\n<p>In families, this Sunday is traditionally marked by building nativity scenes, decorating trees and also baking Christmas cakes. The smell of freshly baked Christmas cakes, which by the way is one of the oldest Czech Christmas pastries or stollen, is the true smell of Christmas for me. Did you know that its shape resembled Baby Jesus in a swaddling cloth? And the cross-stitching was supposed to protect people from evil forces! <a href=\"https:\/\/velkeholky.org\/en\/sila-zvyku-zlozvyku-v-zivote-zeny-50\/\" target=\"_blank\" rel=\"noopener\" title=\"\">I love those old stories!<\/a><\/p>\n\n\n\n<p>And although decorating a Christmas tree is considered to be a pagan tradition and was originally decorated with apples, nuts and other foods, it is such a way of thanking nature! <\/p>\n\n\n\n<p>And what about the carols, dear ladies? The first time carols can be sung is when the first star appears on Christmas Eve, although most of them celebrate the birth of Jesus Christ and should therefore be sung afterwards. That seems like such a nice, little tradition to me! Even carols were created as songs of celebration and thanksgiving. So let&#039;s brush them up to get the right atmosphere.<\/p>\n\n\n\n<div class=\"wp-block-uagb-advanced-heading uagb-block-3d039e1e\"><h2 class=\"uagb-heading-text\">Stopping and gratitude<\/h2><\/div>\n\n\n\n<p>This Sunday is simply a day to stop and be grateful for the family and friends we are lucky enough to have in our lives. It is a good time to send up a prayer of thanks.<\/p>\n\n\n\n<p>We light all four candles, and now the Golden one too. And as my grandmother used to say, yeast dough (like Christmas cake) has become a means of increasing wealth in popular belief. So may our coming year be full of abundance, gratitude and peace, symbolized by the flame of the Angel Candle.<\/p>\n\n\n\n<div class=\"wp-block-uagb-advanced-heading uagb-block-66362f74\"><h4 class=\"uagb-heading-text\">Exactly the warmth I want to bring into my Christmas holidays.<br>May your Golden Sunday be full of quiet, warm magic. \ud83d\udd6f\ufe0f<\/h4><\/div>\n\n\n\n<hr class=\"wp-block-separator has-alpha-channel-opacity\"\/>\n\n\n\n<figure class=\"wp-block-embed is-type-wp-embed is-provider-vlo-en wp-block-embed-vlo-en\"><div class=\"wp-block-embed__wrapper\">\n<blockquote class=\"wp-embedded-content\" data-secret=\"YBiWyq6LIm\"><a href=\"https:\/\/velkeholky.org\/en\/yule-pohansky-svatek-zimniho-slunovratu\/\">Yule \u2013 pagan holiday of the winter solstice<\/a><\/blockquote><iframe loading=\"lazy\" class=\"wp-embedded-content\" sandbox=\"allow-scripts\" security=\"restricted\" style=\"position: absolute; visibility: hidden;\" title=\"\u201eYule \u2013 the pagan holiday of the winter solstice\u201c \u2014\" src=\"https:\/\/velkeholky.org\/yule-pohansky-svatek-zimniho-slunovratu\/embed\/#?secret=43ezVb2wXi#?secret=YBiWyq6LIm\" data-secret=\"YBiWyq6LIm\" width=\"600\" height=\"338\" frameborder=\"0\" marginwidth=\"0\" marginheight=\"0\" scrolling=\"no\"><\/iframe>\n<\/div><\/figure>","protected":false},"excerpt":{"rendered":"<p>Posledn\u00ed sv\u00edce na v\u011bnci p\u0159ipom\u00edn\u00e1 s\u00edlu v\u0159el\u00fdch vztah\u016f, a to nejen na V\u00e1noce, ale po cel\u00fd rok. Tahle ned\u011ble je zkr\u00e1tka den, kdy se m\u00e1me zastavit a b\u00fdt vd\u011b\u010dn\u00ed za rodinu a p\u0159\u00e1tele, kter\u00e9 m\u00e1me to \u0161t\u011bst\u00ed m\u00edt v na\u0161em \u017eivot\u011b. Je prav\u00fd \u010das na to, vyslat modlitbu d\u00edk\u016f.<\/p>","protected":false},"author":1,"featured_media":4860,"comment_status":"open","ping_status":"open","sticky":false,"template":"","format":"standard","meta":{"_uag_custom_page_level_css":"","footnotes":""},"categories":[147],"tags":[],"class_list":["post-4858","post","type-post","status-publish","format-standard","has-post-thumbnail","hentry","category-magie-astro"],"aioseo_notices":[],"uagb_featured_image_src":{"full":["https:\/\/velkeholky.org\/wp-content\/uploads\/2025\/11\/4-advent.png",1024,1536,false],"thumbnail":["https:\/\/velkeholky.org\/wp-content\/uploads\/2025\/11\/4-advent-150x150.png",150,150,true],"medium":["https:\/\/velkeholky.org\/wp-content\/uploads\/2025\/11\/4-advent-200x300.png",200,300,true],"medium_large":["https:\/\/velkeholky.org\/wp-content\/uploads\/2025\/11\/4-advent-768x1152.png",768,1152,true],"large":["https:\/\/velkeholky.org\/wp-content\/uploads\/2025\/11\/4-advent-683x1024.png",683,1024,true],"1536x1536":["https:\/\/velkeholky.org\/wp-content\/uploads\/2025\/11\/4-advent.png",1024,1536,false],"2048x2048":["https:\/\/velkeholky.org\/wp-content\/uploads\/2025\/11\/4-advent.png",1024,1536,false],"trp-custom-language-flag":["https:\/\/velkeholky.org\/wp-content\/uploads\/2025\/11\/4-advent-8x12.png",8,12,true],"ashe-slider-full-thumbnail":["https:\/\/velkeholky.org\/wp-content\/uploads\/2025\/11\/4-advent-1024x540.png",1024,540,true],"ashe-full-thumbnail":["https:\/\/velkeholky.org\/wp-content\/uploads\/2025\/11\/4-advent.png",1024,1536,false],"ashe-list-thumbnail":["https:\/\/velkeholky.org\/wp-content\/uploads\/2025\/11\/4-advent-300x300.png",300,300,true],"ashe-grid-thumbnail":["https:\/\/velkeholky.org\/wp-content\/uploads\/2025\/11\/4-advent-500x330.png",500,330,true],"ashe-single-navigation":["https:\/\/velkeholky.org\/wp-content\/uploads\/2025\/11\/4-advent-75x75.png",75,75,true]},"uagb_author_info":{"display_name":"S l\u00e1skou Daniela \ud83d\udc9c","author_link":"https:\/\/velkeholky.org\/en\/author\/velkeholkygmail-com\/"},"uagb_comment_info":1,"uagb_excerpt":"Posledn\u00ed sv\u00edce na v\u011bnci p\u0159ipom\u00edn\u00e1 s\u00edlu v\u0159el\u00fdch vztah\u016f, a to nejen na V\u00e1noce, ale po cel\u00fd rok. Tahle ned\u011ble je zkr\u00e1tka den, kdy se m\u00e1me zastavit a b\u00fdt vd\u011b\u010dn\u00ed za rodinu a p\u0159\u00e1tele, kter\u00e9 m\u00e1me to \u0161t\u011bst\u00ed m\u00edt v na\u0161em \u017eivot\u011b. Je prav\u00fd \u010das na to, vyslat modlitbu d\u00edk\u016f.","_links":{"self":[{"href":"https:\/\/velkeholky.org\/en\/wp-json\/wp\/v2\/posts\/4858","targetHints":{"allow":["GET"]}}],"collection":[{"href":"https:\/\/velkeholky.org\/en\/wp-json\/wp\/v2\/posts"}],"about":[{"href":"https:\/\/velkeholky.org\/en\/wp-json\/wp\/v2\/types\/post"}],"author":[{"embeddable":true,"href":"https:\/\/velkeholky.org\/en\/wp-json\/wp\/v2\/users\/1"}],"replies":[{"embeddable":true,"href":"https:\/\/velkeholky.org\/en\/wp-json\/wp\/v2\/comments?post=4858"}],"version-history":[{"count":2,"href":"https:\/\/velkeholky.org\/en\/wp-json\/wp\/v2\/posts\/4858\/revisions"}],"predecessor-version":[{"id":4963,"href":"https:\/\/velkeholky.org\/en\/wp-json\/wp\/v2\/posts\/4858\/revisions\/4963"}],"wp:featuredmedia":[{"embeddable":true,"href":"https:\/\/velkeholky.org\/en\/wp-json\/wp\/v2\/media\/4860"}],"wp:attachment":[{"href":"https:\/\/velkeholky.org\/en\/wp-json\/wp\/v2\/media?parent=4858"}],"wp:term":[{"taxonomy":"category","embeddable":true,"href":"https:\/\/velkeholky.org\/en\/wp-json\/wp\/v2\/categories?post=4858"},{"taxonomy":"post_tag","embeddable":true,"href":"https:\/\/velkeholky.org\/en\/wp-json\/wp\/v2\/tags?post=4858"}],"curies":[{"name":"wp","href":"https:\/\/api.w.org\/{rel}","templated":true}]}}